{"id":157,"date":"2021-06-09T12:12:03","date_gmt":"2021-06-09T19:12:03","guid":{"rendered":"https:\/\/sites.evergreen.edu\/artlectureseries\/?p=157"},"modified":"2021-06-09T12:12:03","modified_gmt":"2021-06-09T19:12:03","slug":"carolina-silva-wednesday-february-23-2011-1215-130-lecture-hall-1","status":"publish","type":"post","link":"https:\/\/sites.evergreen.edu\/artlectureseries\/carolina-silva-wednesday-february-23-2011-1215-130-lecture-hall-1\/","title":{"rendered":"Carolina Silva: Wednesday, February 23, 2011 12:15-1:30, Lecture Hall 1"},"content":{"rendered":"\n<div class=\"wp-block-image is-style-default\"><figure class=\"aligncenter size-large\"><img loading=\"lazy\" width=\"300\" height=\"225\" src=\"https:\/\/sites.evergreen.edu\/artlectureseries\/wp-content\/uploads\/sites\/269\/2021\/06\/carolina-silva.jpg\" alt=\"\" class=\"wp-image-158\" \/><\/figure><\/div>\n\n\n\n<p><a href=\"http:\/\/carolinasilva.com\/\">Carolina Silva&nbsp;<\/a>(b. 1975, Madrid, Spain) lives and works in Seattle. She uses installation, drawing, animation and film to contemplate the body and the passage of time through both figurative and abstract work. Her last show at Lawrimore Project entitled,&nbsp;<em>Against Gravity<\/em>, was part of a series of shows called&nbsp;<em>Has Art?<\/em>&nbsp;where each month, artists are paired with a writer and a page from St\u00e9phane Mallarm\u00e9\u2019s Un Coup de D\u00e9s.<\/p>\n\n\n\n<p>Carolina has had one-person shows in 2010: Galeria Travesia Cuatro, Madrid; La Conservera Center for Contemporary Art, Murcia, Spain (with Lili Duourie, Elena del Rivero, and Lily van der Stokker), (catalog); 2007: La Casa Encendida, Madrid. 2006: Galer\u00eda Traves\u00eda Cuatro, Madrid; Art Space Tetra, Fukoa, Japan. 2004: Diego Rivera Gallery, San Francisco. 2003: Fish Tank Gallery, New York. 2002: Next Gallery, New York. Her work has also been seen in 2009: Explum, Puerto Lumbrera; Becas Generaci\u00f3n 2008, Madrid; Dom\u00e9stico09, Madrid, 2009. 2008: IVAM, Valencia; Museo de Pollen\u00e7a; Casal Solleric, Palma de Mallorca. 2007: Planes Futuros. Baluarte, Pamplona; Aqu\u00ed y Ahora, Sala Alcal\u00e1 31, Madrid; Destino Futuro, Jard\u00edn Bot\u00e1nico, Madrid. 2004: The Line Up. Walter and McBean Galleries, San Francisco.<\/p>\n","protected":false},"excerpt":{"rendered":"<p>Carolina Silva&nbsp;(b. 1975, Madrid, Spain) lives and works in Seattle. She uses installation, drawing, animation and film to contemplate the body and the passage of time through both figurative and [&hellip;]<\/p>\n","protected":false},"author":9192,"featured_media":0,"comment_status":"closed","ping_status":"closed","sticky":false,"template":"","format":"standard","meta":{"_mi_skip_tracking":false},"categories":[7,8],"tags":[25,24,3,15,13,16],"_links":{"self":[{"href":"https:\/\/sites.evergreen.edu\/artlectureseries\/wp-json\/wp\/v2\/posts\/157"}],"collection":[{"href":"https:\/\/sites.evergreen.edu\/artlectureseries\/wp-json\/wp\/v2\/posts"}],"about":[{"href":"https:\/\/sites.evergreen.edu\/artlectureseries\/wp-json\/wp\/v2\/types\/post"}],"author":[{"embeddable":true,"href":"https:\/\/sites.evergreen.edu\/artlectureseries\/wp-json\/wp\/v2\/users\/9192"}],"replies":[{"embeddable":true,"href":"https:\/\/sites.evergreen.edu\/artlectureseries\/wp-json\/wp\/v2\/comments?post=157"}],"version-history":[{"count":1,"href":"https:\/\/sites.evergreen.edu\/artlectureseries\/wp-json\/wp\/v2\/posts\/157\/revisions"}],"predecessor-version":[{"id":159,"href":"https:\/\/sites.evergreen.edu\/artlectureseries\/wp-json\/wp\/v2\/posts\/157\/revisions\/159"}],"wp:attachment":[{"href":"https:\/\/sites.evergreen.edu\/artlectureseries\/wp-json\/wp\/v2\/media?parent=157"}],"wp:term":[{"taxonomy":"category","embeddable":true,"href":"https:\/\/sites.evergreen.edu\/artlectureseries\/wp-json\/wp\/v2\/categories?post=157"},{"taxonomy":"post_tag","embeddable":true,"href":"https:\/\/sites.evergreen.edu\/artlectureseries\/wp-json\/wp\/v2\/tags?post=157"}],"curies":[{"name":"wp","href":"https:\/\/api.w.org\/{rel}","templated":true}]}}